{"id":4581,"date":"2023-01-21T17:14:33","date_gmt":"2023-01-21T16:14:33","guid":{"rendered":"https:\/\/zamkowymlyn.pl\/?p=4581"},"modified":"2025-07-11T12:39:06","modified_gmt":"2025-07-11T10:39:06","slug":"piotr-krakowski-niezwykle-klimatyczny-koncert","status":"publish","type":"post","link":"https:\/\/zamkowymlyn.pl\/de\/piotr-krakowski-niezwykle-klimatyczny-koncert\/","title":{"rendered":"Piotr Krakowski \u2013 ein \u00e4u\u00dferst stimmungsvolles Konzert"},"content":{"rendered":"<p><strong>Bereits am 17. M\u00e4rz 2023<\/strong> im Schlossm\u00fchlen-Restaurant <strong>Konzert von Piotr Krakowski<\/strong> \u2013 Komponist, Trompeter, Multiinstrumentalist und Musikproduzent. Piotr hat unter anderem mit Stanis\u0142aw Sojka und Andrzej Grabowski zusammengearbeitet. <\/p>\n\n\n<div class=\"wp-block-image\">\n<figure class=\"aligncenter size-large\"><img loading=\"lazy\" decoding=\"async\" width=\"1024\" height=\"576\" src=\"https:\/\/zamkowymlyn.pl\/wp-content\/uploads\/2023\/01\/piotr-krakowski-zamkowy-mlyn-1024x576.webp\" alt=\"Piotr Krakowski - koncert Zamkowy M\u0142yn Krapkowice\" class=\"wp-image-4586\" title=\"\" srcset=\"https:\/\/zamkowymlyn.pl\/wp-content\/uploads\/2023\/01\/piotr-krakowski-zamkowy-mlyn-1024x576.webp 1024w, https:\/\/zamkowymlyn.pl\/wp-content\/uploads\/2023\/01\/piotr-krakowski-zamkowy-mlyn-300x169.webp 300w, https:\/\/zamkowymlyn.pl\/wp-content\/uploads\/2023\/01\/piotr-krakowski-zamkowy-mlyn-768x432.webp 768w, https:\/\/zamkowymlyn.pl\/wp-content\/uploads\/2023\/01\/piotr-krakowski-zamkowy-mlyn.webp 1200w\" sizes=\"auto, (max-width: 1024px) 100vw, 1024px\" \/><\/figure>\n<\/div>\n\n\n<div style=\"height:35px\" aria-hidden=\"true\" class=\"wp-block-spacer\"><\/div>\n\n\n\n<h2 class=\"has-text-align-center wp-block-heading\">Piotr Krakowski \u2013 eine kurze Geschichte<\/h2>\n\n\n\n<p>Auf seiner interessanten Reise traf er neben Musikern auch Regisseure, Filmemacher, Schauspieler und sogar Modedesigner. Er ist verantwortlich f\u00fcr Projekte wie Milkshop, \u201eKrakowski: Pankracy Sessions\u201c und YouTube.<\/p>\n\n\n\n<p>Seine unverwechselbaren Musikthemen zierten zahlreiche Filme, Programme, Fernsehspots und Werbespots. Zusammen mit Stanis\u0142aw Sojka schuf er das unvergessliche \u201eWaluta\u201c (W\u00e4hrung). <\/p>\n\n\n\n<h2 class=\"has-text-align-center wp-block-heading\">Piotr Krakowski in der Schlossm\u00fchle \u2013 Konzert<\/h2>\n\n\n\n<p>Beim Konzert pr\u00e4sentiert Piotr seine Filmmusik sowie Lieder mit Gesang, wobei er auf der musikalischen Ebene fetten Blues mit Funk, Alt-Rock und Electronica kombiniert, w\u00e4hrend er auf der lyrischen Ebene schonungslos und oft bissig die Mechanismen der zeitgen\u00f6ssischen Popkultur und gesellschaftlichen Beziehungen beschreibt.<\/p>\n\n\n\n<p>Dieser Abend wird etwas ganz Besonderes.<\/p>\n\n\n\n<h2 class=\"has-text-align-center wp-block-heading\">Video von Piotr Krakowski<\/h2>\n\n\n\n<div class=\"wp-block-columns is-layout-flex wp-container-core-columns-is-layout-28f84493 wp-block-columns-is-layout-flex\">\n<div class=\"wp-block-column is-layout-flow wp-block-column-is-layout-flow\">\n<figure class=\"wp-block-embed is-type-video is-provider-youtube wp-block-embed-youtube wp-embed-aspect-16-9 wp-has-aspect-ratio\"><div class=\"wp-block-embed__wrapper\">\n<iframe loading=\"lazy\" title=\"Piotr Krakowski \u2013 Sich selbst finden\" width=\"500\" height=\"281\" src=\"https:\/\/www.youtube.com\/embed\/3aWx9XOEgkA?feature=oembed\" frameborder=\"0\" allow=\"accelerometer; autoplay; clipboard-write; encrypted-media; gyroscope; picture-in-picture; web-share\" referrerpolicy=\"strict-origin-when-cross-origin\" allowfullscreen><\/iframe>\n<\/div><\/figure>\n<\/div>\n\n\n\n<div class=\"wp-block-column is-layout-flow wp-block-column-is-layout-flow\">\n<figure class=\"wp-block-embed is-type-video is-provider-youtube wp-block-embed-youtube wp-embed-aspect-16-9 wp-has-aspect-ratio\"><div class=\"wp-block-embed__wrapper\">\n<iframe loading=\"lazy\" title=\"Piotr Krakowski \u2013 Pass auf mich auf\" width=\"500\" height=\"281\" src=\"https:\/\/www.youtube.com\/embed\/0x_K1O8zyiE?feature=oembed\" frameborder=\"0\" allow=\"accelerometer; autoplay; clipboard-write; encrypted-media; gyroscope; picture-in-picture; web-share\" referrerpolicy=\"strict-origin-when-cross-origin\" allowfullscreen><\/iframe>\n<\/div><\/figure>\n<\/div>\n<\/div>\n\n\n\n<p><strong>Datum: <\/strong>17. M\u00e4rz 2023<br><strong>Zeit: <\/strong>19:00 Uhr (bitte kommen Sie fr\u00fch)<br><strong>Ort: <\/strong>Castle Mill Restaurant<br><strong>Tischreservierung:<\/strong> Nur telefonisch: <a href=\"tel:+48535414799\">+48 535 414 799<\/a><br><strong>Eintrag:<\/strong>&nbsp;Kostenlos (telefonische Reservierung erforderlich)<br><\/p>\n\n\n\n<p><\/p>","protected":false},"excerpt":{"rendered":"<p>Ju\u017c 17 marca 2023 w Restauracji Zamkowego M\u0142yna koncert Piotra Krakowskiego - kompozytora, tr\u0119bacza, multiinstrumentalisty [&hellip;]<\/p>\n","protected":false},"author":1,"featured_media":4586,"comment_status":"closed","ping_status":"closed","sticky":false,"template":"","format":"standard","meta":{"_acf_changed":false,"footnotes":""},"categories":[32,34,29],"tags":[],"class_list":["post-4581","post","type-post","status-publish","format-standard","has-post-thumbnail","hentry","category-aktualnosci-restauracji","category-blog-restauracji","category-wydarzenia-w-mlynie"],"acf":[],"_links":{"self":[{"href":"https:\/\/zamkowymlyn.pl\/de\/wp-json\/wp\/v2\/posts\/4581","targetHints":{"allow":["GET"]}}],"collection":[{"href":"https:\/\/zamkowymlyn.pl\/de\/wp-json\/wp\/v2\/posts"}],"about":[{"href":"https:\/\/zamkowymlyn.pl\/de\/wp-json\/wp\/v2\/types\/post"}],"author":[{"embeddable":true,"href":"https:\/\/zamkowymlyn.pl\/de\/wp-json\/wp\/v2\/users\/1"}],"replies":[{"embeddable":true,"href":"https:\/\/zamkowymlyn.pl\/de\/wp-json\/wp\/v2\/comments?post=4581"}],"version-history":[{"count":1,"href":"https:\/\/zamkowymlyn.pl\/de\/wp-json\/wp\/v2\/posts\/4581\/revisions"}],"predecessor-version":[{"id":6545,"href":"https:\/\/zamkowymlyn.pl\/de\/wp-json\/wp\/v2\/posts\/4581\/revisions\/6545"}],"wp:featuredmedia":[{"embeddable":true,"href":"https:\/\/zamkowymlyn.pl\/de\/wp-json\/wp\/v2\/media\/4586"}],"wp:attachment":[{"href":"https:\/\/zamkowymlyn.pl\/de\/wp-json\/wp\/v2\/media?parent=4581"}],"wp:term":[{"taxonomy":"category","embeddable":true,"href":"https:\/\/zamkowymlyn.pl\/de\/wp-json\/wp\/v2\/categories?post=4581"},{"taxonomy":"post_tag","embeddable":true,"href":"https:\/\/zamkowymlyn.pl\/de\/wp-json\/wp\/v2\/tags?post=4581"}],"curies":[{"name":"wp","href":"https:\/\/api.w.org\/{rel}","templated":true}]}}