{"id":4594,"date":"2023-01-24T20:34:38","date_gmt":"2023-01-24T19:34:38","guid":{"rendered":"https:\/\/zamkowymlyn.pl\/?p=4594"},"modified":"2025-07-11T12:39:06","modified_gmt":"2025-07-11T10:39:06","slug":"kolacja-degustacyjna-opolscy-kucharze-razem","status":"publish","type":"post","link":"https:\/\/zamkowymlyn.pl\/de\/kolacja-degustacyjna-opolscy-kucharze-razem\/","title":{"rendered":"Degustationsdinner - Opole Chefs Together"},"content":{"rendered":"<p>Heute haben wir die Ehre, Sie zu einem einzigartigen Event einzuladen, das am 24. Februar 2023 stattfinden wird. Zwei K\u00f6che aus unserer Region werden ihre Kr\u00e4fte b\u00fcndeln \u2013 das Degustationsdinner \u201eOpole Chefs Together\u201c.<\/p>\n\n\n\n<figure class=\"wp-block-image size-large\"><img loading=\"lazy\" decoding=\"async\" width=\"1024\" height=\"410\" src=\"https:\/\/zamkowymlyn.pl\/wp-content\/uploads\/2023\/01\/Arkadiusz-chwalek-i-Kinga-Galla-www-1024x410.webp\" alt=\"Kolacja degustacyjna - Opolscy kucharze razem - Arkadiusz Chwa\u0142ek oraz Kinga Galla\" class=\"wp-image-4599\" title=\"\" srcset=\"https:\/\/zamkowymlyn.pl\/wp-content\/uploads\/2023\/01\/Arkadiusz-chwalek-i-Kinga-Galla-www-1024x410.webp 1024w, https:\/\/zamkowymlyn.pl\/wp-content\/uploads\/2023\/01\/Arkadiusz-chwalek-i-Kinga-Galla-www-300x120.webp 300w, https:\/\/zamkowymlyn.pl\/wp-content\/uploads\/2023\/01\/Arkadiusz-chwalek-i-Kinga-Galla-www-768x307.webp 768w, https:\/\/zamkowymlyn.pl\/wp-content\/uploads\/2023\/01\/Arkadiusz-chwalek-i-Kinga-Galla-www.webp 1200w\" sizes=\"auto, (max-width: 1024px) 100vw, 1024px\" \/><\/figure>\n\n\n\n<p><strong>Autorendinner mit:<\/strong><\/p>\n\n\n\n<h2 class=\"wp-block-heading\">Kinga Galla<\/h2>\n\n\n\n<p>Kinga, Inhaberin und K\u00f6chin des Bistros Finezja in Tu\u0142owice, verwendet seit Jahren lokale Produkte aus unserer Region, wie Oppelner Karpfen und Wild. Auf ihrer Bistro-Speisekarte stehen die ber\u00fchmten Karpfen-Engelsfl\u00fcgel und Karpfenburger \u2013 absolut k\u00f6stlich und \u00fcberraschend!<\/p>\n\n\n\n<h2 class=\"wp-block-heading\">Arkadiusz Chwa\u0142ek<\/h2>\n\n\n\n<p>Der K\u00fcchenchef des Restaurants Zamkowy M\u0142yn in Krapkowice. Arek kombiniert seit Jahren einzigartige Aromen und verfeinert sie mit au\u00dfergew\u00f6hnlicher Raffinesse und Sch\u00f6nheit. Er liebt gehobene K\u00fcche, aber nicht nur das. Seit einigen Jahren verwendet er auch Feuer und Rauch, um Gerichte wie die legend\u00e4ren BBQ-Rippchen und Steaks zu kreieren, die wir direkt vom Holzkohlegrill servieren. <\/p>\n\n\n\n<p>Am 24. Februar werden sie gemeinsam f\u00fcnf G\u00e4nge servieren, begleitet von Live-Musik. Zu jedem Gang gibt es einen speziell ausgew\u00e4hlten Wein.<\/p>\n\n\n\n<h2 class=\"wp-block-heading\">Abendmen\u00fc \u201eOpole K\u00f6che zusammen\u201c:<\/h2>\n\n\n\n<ol class=\"wp-block-list\">\n<li>Makrele \/ getrocknete Tomaten \/ gr\u00fcne Erbsen \/ ger\u00f6steter Lauch<\/li>\n\n\n\n<li>Ger\u00f6stete Gem\u00fcsebr\u00fche \/ Confit-Ente \/ Waldpilze<\/li>\n\n\n\n<li>Heilbutt \/ Polenta \/ wilder Brokkoli<\/li>\n\n\n\n<li>Rehr\u00fccken \/ Kartoffelfondant \/ Brombeeren<\/li>\n\n\n\n<li>H\u00fcttenk\u00e4se \/ Sahne aus Olesno \/ Baiser \/ Holunder<\/li>\n<\/ol>\n\n\n\n<p><strong>Preis:<\/strong>\u00a0190 PLN \/ Person<br><strong>Datum:<\/strong>\u00a024. Februar 2023 (Freitag)<br><strong>Zeit:<\/strong>\u00a019.00<br><strong>Ort:<\/strong>\u00a0Bankettsaal der Castle Mill<br><strong>Tickets:<\/strong>\u00a0Erh\u00e4ltlich ab 27. Januar an der Rezeption der Schlossm\u00fchle (Tel. <a href=\"tel:+48535414799\">+48 535 414 799<\/a>) und ab 24. Januar online unter: <a href=\"https:\/\/evently.pl\/events\/1816-kolacja-degustacyjna-opolscy-kucharze-razem\" target=\"_blank\" rel=\"noreferrer noopener\">https:\/\/evently.pl\/events\/1816-kolacja-degustacyjna-opolscy-kucharze-razem<\/a><\/p>\n\n\n<div class=\"wp-block-image\">\n<figure class=\"aligncenter size-full\"><img loading=\"lazy\" decoding=\"async\" width=\"1000\" height=\"250\" src=\"https:\/\/zamkowymlyn.pl\/wp-content\/uploads\/2023\/01\/baner-loga.webp\" alt=\"\" class=\"wp-image-4602\" title=\"\" srcset=\"https:\/\/zamkowymlyn.pl\/wp-content\/uploads\/2023\/01\/baner-loga.webp 1000w, https:\/\/zamkowymlyn.pl\/wp-content\/uploads\/2023\/01\/baner-loga-300x75.webp 300w, https:\/\/zamkowymlyn.pl\/wp-content\/uploads\/2023\/01\/baner-loga-768x192.webp 768w\" sizes=\"auto, (max-width: 1000px) 100vw, 1000px\" \/><\/figure>\n<\/div>","protected":false},"excerpt":{"rendered":"<p>Ju\u017c dzi\u015b, mamy zaszczyt zaprosi\u0107 Pa\u0144stwa na wyj\u0105tkowe wydarzenie, kt\u00f3re odb\u0119dzie si\u0119 24 lutego 2023. [&hellip;]<\/p>\n","protected":false},"author":1,"featured_media":4599,"comment_status":"closed","ping_status":"closed","sticky":false,"template":"","format":"standard","meta":{"_acf_changed":false,"footnotes":""},"categories":[32,34,29],"tags":[],"class_list":["post-4594","post","type-post","status-publish","format-standard","has-post-thumbnail","hentry","category-aktualnosci-restauracji","category-blog-restauracji","category-wydarzenia-w-mlynie"],"acf":[],"_links":{"self":[{"href":"https:\/\/zamkowymlyn.pl\/de\/wp-json\/wp\/v2\/posts\/4594","targetHints":{"allow":["GET"]}}],"collection":[{"href":"https:\/\/zamkowymlyn.pl\/de\/wp-json\/wp\/v2\/posts"}],"about":[{"href":"https:\/\/zamkowymlyn.pl\/de\/wp-json\/wp\/v2\/types\/post"}],"author":[{"embeddable":true,"href":"https:\/\/zamkowymlyn.pl\/de\/wp-json\/wp\/v2\/users\/1"}],"replies":[{"embeddable":true,"href":"https:\/\/zamkowymlyn.pl\/de\/wp-json\/wp\/v2\/comments?post=4594"}],"version-history":[{"count":1,"href":"https:\/\/zamkowymlyn.pl\/de\/wp-json\/wp\/v2\/posts\/4594\/revisions"}],"predecessor-version":[{"id":6544,"href":"https:\/\/zamkowymlyn.pl\/de\/wp-json\/wp\/v2\/posts\/4594\/revisions\/6544"}],"wp:featuredmedia":[{"embeddable":true,"href":"https:\/\/zamkowymlyn.pl\/de\/wp-json\/wp\/v2\/media\/4599"}],"wp:attachment":[{"href":"https:\/\/zamkowymlyn.pl\/de\/wp-json\/wp\/v2\/media?parent=4594"}],"wp:term":[{"taxonomy":"category","embeddable":true,"href":"https:\/\/zamkowymlyn.pl\/de\/wp-json\/wp\/v2\/categories?post=4594"},{"taxonomy":"post_tag","embeddable":true,"href":"https:\/\/zamkowymlyn.pl\/de\/wp-json\/wp\/v2\/tags?post=4594"}],"curies":[{"name":"wp","href":"https:\/\/api.w.org\/{rel}","templated":true}]}}