{"id":978,"date":"2019-12-14T00:00:00","date_gmt":"2019-12-14T00:00:00","guid":{"rendered":"http:\/\/serwer1427028.home.pl\/autoinstalator\/wordpress\/?p=978"},"modified":"2025-07-11T12:39:07","modified_gmt":"2025-07-11T10:39:07","slug":"andrzej-czernik-teatr-ekostudio-opole","status":"publish","type":"post","link":"https:\/\/zamkowymlyn.pl\/de\/andrzej-czernik-teatr-ekostudio-opole\/","title":{"rendered":"Andrzej Czernik - Theater Ekostudio Opole"},"content":{"rendered":"<p><span style=\"vertical-align: inherit;\"><span style=\"vertical-align: inherit;\"><\/p>\n<p><strong>Andrzej Czernik<\/strong> - mehr als ein paar Worte \u00fcber den herausragenden Schauspieler<\/p>\n<p>General- und k\u00fcnstlerischer Leiter des Eksotudio-Theaters.<\/p>\n<ul>\n<li>Schauspieler und Regisseur. Sein Schauspieldiplom erhielt er 1982. Seit 1999 leitet Andrzej Czernik das Theater Ekostudio in Opole.<\/li>\n<li>Er hat \u00fcber hundert Rollen in Theater, Film und Fernsehen gespielt. Er f\u00fchrte bei \u00fcber 60 Theater- und Freilichtproduktionen Regie. Er nahm an zahlreichen Theaterfestivals in Polen teil.<\/li>\n<li>Das von ihm inszenierte St\u00fcck \u201ePilatus\u201c wurde in New York, USA, und das St\u00fcck \u201eSuch a Small Nothing\u201c in Stra\u00dfburg, Frankreich, und Toronto, Kanada, gezeigt.<\/li>\n<li>Er ist Autor der Theaterst\u00fccke \u201eRajmund und Julka\u201c, \u201eZasypani\u201c, \u201eMiko\u0142aj II\u201c sowie Autor und Komponist des Musicals \u201eWyb\u00f3r\u201c und der M\u00e4rchen \u201eGajowy Badura\u201c, \u201ePiotru\u015b i SMOG\u201c und \u201eDru\u017cyna Zet\u201c.<\/li>\n<li>Er spielte unter anderem die sensationelle Rolle des Stanley Gardner in der Kom\u00f6die Mayday (J. Kochanowski-Theater in Opole) und Dinner for a Fool.&nbsp;<\/li>\n<li>Dar\u00fcber hinaus ist er Produzent eigener Fernsehprogramme und Autor von H\u00f6rspielen.<\/li>\n<\/ul>\n<p><strong>Gewinner zahlreicher Auszeichnungen, darunter:<\/strong><\/p>\n<ul>\n<li>Goldene Maske \u2013 f\u00fcr die Rolle des Lubomirski<\/li>\n<li>Goldene Maske \u2013 f\u00fcr die Regie und Adaption von \u201eDie Bauern\u201c von W. Reymont<\/li>\n<li>Silberner Lorbeer f\u00fcr F\u00e4higkeiten und Kompetenzen<\/li>\n<li>Opoliensi Arte Laureato \u2013 Auszeichnung des Marschalls der Woiwodschaft Opole<\/li>\n<li>Auszeichnung f\u00fcr Kulturanimatoren<\/li>\n<li>Journalistenpreis (2001)<\/li>\n<li>Auszeichnung des B\u00fcrgermeisters von Opole<\/li>\n<li>Auszeichnung f\u00fcr Verdienste um die Stadt Oppeln<\/li>\n<li>Auszeichnung f\u00fcr Verdienste um die Woiwodschaft Oppeln<\/li>\n<li>Dekoration \u2013&nbsp;<strong>Verdienstvoll f\u00fcr die polnische Kultur<\/strong><\/li>\n<li>Medaille \u2013&nbsp;<strong>Verdienstvoll f\u00fcr die Kultur Gloria Artis<\/strong><\/li>\n<\/ul>\n<p>&nbsp;<\/p>\n<p><em>Quelle: Ekostudio Opole Theater und Internetmaterialien<\/em><\/p>\n<p><\/span><\/span><\/p>","protected":false},"excerpt":{"rendered":"<p>Andrzej Czernik - wi\u0119cej ni\u017c kilka s\u0142\u00f3w o wybitnym aktorze Dyrektor naczelny i artystyczny Teatru [&hellip;]<\/p>\n","protected":false},"author":1,"featured_media":5625,"comment_status":"closed","ping_status":"open","sticky":false,"template":"","format":"standard","meta":{"_acf_changed":false,"footnotes":""},"categories":[1],"tags":[],"class_list":["post-978","post","type-post","status-publish","format-standard","has-post-thumbnail","hentry","category-bez-kategorii"],"acf":[],"_links":{"self":[{"href":"https:\/\/zamkowymlyn.pl\/de\/wp-json\/wp\/v2\/posts\/978","targetHints":{"allow":["GET"]}}],"collection":[{"href":"https:\/\/zamkowymlyn.pl\/de\/wp-json\/wp\/v2\/posts"}],"about":[{"href":"https:\/\/zamkowymlyn.pl\/de\/wp-json\/wp\/v2\/types\/post"}],"author":[{"embeddable":true,"href":"https:\/\/zamkowymlyn.pl\/de\/wp-json\/wp\/v2\/users\/1"}],"replies":[{"embeddable":true,"href":"https:\/\/zamkowymlyn.pl\/de\/wp-json\/wp\/v2\/comments?post=978"}],"version-history":[{"count":1,"href":"https:\/\/zamkowymlyn.pl\/de\/wp-json\/wp\/v2\/posts\/978\/revisions"}],"predecessor-version":[{"id":6613,"href":"https:\/\/zamkowymlyn.pl\/de\/wp-json\/wp\/v2\/posts\/978\/revisions\/6613"}],"wp:featuredmedia":[{"embeddable":true,"href":"https:\/\/zamkowymlyn.pl\/de\/wp-json\/wp\/v2\/media\/5625"}],"wp:attachment":[{"href":"https:\/\/zamkowymlyn.pl\/de\/wp-json\/wp\/v2\/media?parent=978"}],"wp:term":[{"taxonomy":"category","embeddable":true,"href":"https:\/\/zamkowymlyn.pl\/de\/wp-json\/wp\/v2\/categories?post=978"},{"taxonomy":"post_tag","embeddable":true,"href":"https:\/\/zamkowymlyn.pl\/de\/wp-json\/wp\/v2\/tags?post=978"}],"curies":[{"name":"wp","href":"https:\/\/api.w.org\/{rel}","templated":true}]}}